{"id":687,"date":"2022-10-12T19:17:07","date_gmt":"2022-10-12T17:17:07","guid":{"rendered":"https:\/\/volontariatomartinafranca.it\/gruppo-volontariato-vincenziano\/?p=687"},"modified":"2022-10-15T23:09:22","modified_gmt":"2022-10-15T21:09:22","slug":"festa-dei-nonni-2022","status":"publish","type":"post","link":"https:\/\/volontariatomartinafranca.it\/gruppo-volontariato-vincenziano\/festa-dei-nonni-2022\/","title":{"rendered":"Festa dei nonni 2022"},"content":{"rendered":"<p>Il 4 ottobre presso il Centro Polivalente Anziani in Via Carmine 99 nell\u2019ambito dellaFesta dei Nonni, programmata per un\u2019intera settimana dall\u2019Assessorato alle Politiche<\/p>\n<p>sociali e Servizi alla Persona della Citt\u00e0 di Martina Franca, il nostro Gruppo di<br \/>\nVolontariato Vincenziano, insieme all\u2019Unitalsi, agli operatori del Centro e della<br \/>\nCooperativa \u201cNuova Luce\u201d, ha animato l\u2019attivit\u00e0 \u201cCaa sa mange j\u00f2sca..orecchiette?\u201d.<br \/>\nE\u2019 stato realizzato un laboratorio per la realizzazione di orecchiette con gli alunni di<br \/>\nuna classe V dell\u2019Istituto Comprensivo Giovanni XXIII.<br \/>\nL\u2019atmosfera \u00e8 stata gioiosa, i bambini hanno mostrato interesse e attenzione<br \/>\nquando si \u00e8 spiegato loro il processo con cui dal grano si produce la farina.<br \/>\nSuccessivamente, affiancandosi alle \u201cesperte signore&#8221;;, si sono messi ad impastare<br \/>\nsulle spianatoie ed hanno evidenziato le loro abilit\u00e0 manuali. Osservando gli adulti<br \/>\nhanno appreso mirabilmente le tecniche per la produzione del tradizionale e tipico<br \/>\nformato di pasta pugliese. Raggiunto un quantitativo di pasta sufficiente a riempire i<br \/>\npiatti di tutti (5Kg) gli operatori del Centro si sono adoprati in cucina per cuocerla e<br \/>\ncondirla con un ottimo sugo di pomodoro fresco.<\/p>\n<p>Si \u00e8 avuta cos\u00ec la possibilit\u00e0 di condividere tutti insieme un momento conviviale cherester\u00e0 impresso nella mente ..e nel cuore \u2026 di \u201c grandi e<\/p>\n<p>piccini\u201d.<\/p>\n<p><img loading=\"lazy\" decoding=\"async\" class=\"wp-image-690 alignleft\" src=\"https:\/\/volontariatomartinafranca.it\/gruppo-volontariato-vincenziano\/wp-content\/uploads\/sites\/9\/2022\/10\/WhatsApp-Image-2022-10-12-at-16.52.57-300x225.jpeg\" alt=\"\" width=\"178\" height=\"133\" srcset=\"https:\/\/volontariatomartinafranca.it\/gruppo-volontariato-vincenziano\/wp-content\/uploads\/sites\/9\/2022\/10\/WhatsApp-Image-2022-10-12-at-16.52.57-300x225.jpeg 300w, https:\/\/volontariatomartinafranca.it\/gruppo-volontariato-vincenziano\/wp-content\/uploads\/sites\/9\/2022\/10\/WhatsApp-Image-2022-10-12-at-16.52.57-1024x768.jpeg 1024w, https:\/\/volontariatomartinafranca.it\/gruppo-volontariato-vincenziano\/wp-content\/uploads\/sites\/9\/2022\/10\/WhatsApp-Image-2022-10-12-at-16.52.57-768x576.jpeg 768w, https:\/\/volontariatomartinafranca.it\/gruppo-volontariato-vincenziano\/wp-content\/uploads\/sites\/9\/2022\/10\/WhatsApp-Image-2022-10-12-at-16.52.57-1536x1152.jpeg 1536w, https:\/\/volontariatomartinafranca.it\/gruppo-volontariato-vincenziano\/wp-content\/uploads\/sites\/9\/2022\/10\/WhatsApp-Image-2022-10-12-at-16.52.57-600x450.jpeg 600w, https:\/\/volontariatomartinafranca.it\/gruppo-volontariato-vincenziano\/wp-content\/uploads\/sites\/9\/2022\/10\/WhatsApp-Image-2022-10-12-at-16.52.57.jpeg 1600w\" sizes=\"auto, (max-width: 178px) 100vw, 178px\" \/><\/p>\n<p><img loading=\"lazy\" decoding=\"async\" class=\"wp-image-694 alignright\" src=\"https:\/\/volontariatomartinafranca.it\/gruppo-volontariato-vincenziano\/wp-content\/uploads\/sites\/9\/2022\/10\/WhatsApp-Image-2022-10-12-at-19.24.59-225x300.jpeg\" alt=\"\" width=\"184\" height=\"245\" srcset=\"https:\/\/volontariatomartinafranca.it\/gruppo-volontariato-vincenziano\/wp-content\/uploads\/sites\/9\/2022\/10\/WhatsApp-Image-2022-10-12-at-19.24.59-225x300.jpeg 225w, https:\/\/volontariatomartinafranca.it\/gruppo-volontariato-vincenziano\/wp-content\/uploads\/sites\/9\/2022\/10\/WhatsApp-Image-2022-10-12-at-19.24.59-768x1024.jpeg 768w, https:\/\/volontariatomartinafranca.it\/gruppo-volontariato-vincenziano\/wp-content\/uploads\/sites\/9\/2022\/10\/WhatsApp-Image-2022-10-12-at-19.24.59-1152x1536.jpeg 1152w, https:\/\/volontariatomartinafranca.it\/gruppo-volontariato-vincenziano\/wp-content\/uploads\/sites\/9\/2022\/10\/WhatsApp-Image-2022-10-12-at-19.24.59-600x800.jpeg 600w, https:\/\/volontariatomartinafranca.it\/gruppo-volontariato-vincenziano\/wp-content\/uploads\/sites\/9\/2022\/10\/WhatsApp-Image-2022-10-12-at-19.24.59.jpeg 1200w\" sizes=\"auto, (max-width: 184px) 100vw, 184px\" \/><\/p>\n","protected":false},"excerpt":{"rendered":"<p>Il 4 ottobre presso il Centro Polivalente Anziani in Via Carmine 99 nell\u2019ambito dellaFesta dei Nonni, programmata per un\u2019intera settimana &#8230; <a class=\"cz_readmore\" href=\"https:\/\/volontariatomartinafranca.it\/gruppo-volontariato-vincenziano\/festa-dei-nonni-2022\/\"><i class=\"fa fa-angle-right\" aria-hidden=\"true\"><\/i><span>continua&#8230;<\/span><\/a><\/p>\n","protected":false},"author":15,"featured_media":688,"comment_status":"closed","ping_status":"open","sticky":false,"template":"","format":"standard","meta":{"_acf_changed":false,"footnotes":""},"categories":[1],"tags":[],"class_list":["post-687","post","type-post","status-publish","format-standard","has-post-thumbnail","hentry","category-eventi"],"acf":[],"_links":{"self":[{"href":"https:\/\/volontariatomartinafranca.it\/gruppo-volontariato-vincenziano\/wp-json\/wp\/v2\/posts\/687","targetHints":{"allow":["GET"]}}],"collection":[{"href":"https:\/\/volontariatomartinafranca.it\/gruppo-volontariato-vincenziano\/wp-json\/wp\/v2\/posts"}],"about":[{"href":"https:\/\/volontariatomartinafranca.it\/gruppo-volontariato-vincenziano\/wp-json\/wp\/v2\/types\/post"}],"author":[{"embeddable":true,"href":"https:\/\/volontariatomartinafranca.it\/gruppo-volontariato-vincenziano\/wp-json\/wp\/v2\/users\/15"}],"replies":[{"embeddable":true,"href":"https:\/\/volontariatomartinafranca.it\/gruppo-volontariato-vincenziano\/wp-json\/wp\/v2\/comments?post=687"}],"version-history":[{"count":5,"href":"https:\/\/volontariatomartinafranca.it\/gruppo-volontariato-vincenziano\/wp-json\/wp\/v2\/posts\/687\/revisions"}],"predecessor-version":[{"id":708,"href":"https:\/\/volontariatomartinafranca.it\/gruppo-volontariato-vincenziano\/wp-json\/wp\/v2\/posts\/687\/revisions\/708"}],"wp:featuredmedia":[{"embeddable":true,"href":"https:\/\/volontariatomartinafranca.it\/gruppo-volontariato-vincenziano\/wp-json\/wp\/v2\/media\/688"}],"wp:attachment":[{"href":"https:\/\/volontariatomartinafranca.it\/gruppo-volontariato-vincenziano\/wp-json\/wp\/v2\/media?parent=687"}],"wp:term":[{"taxonomy":"category","embeddable":true,"href":"https:\/\/volontariatomartinafranca.it\/gruppo-volontariato-vincenziano\/wp-json\/wp\/v2\/categories?post=687"},{"taxonomy":"post_tag","embeddable":true,"href":"https:\/\/volontariatomartinafranca.it\/gruppo-volontariato-vincenziano\/wp-json\/wp\/v2\/tags?post=687"}],"curies":[{"name":"wp","href":"https:\/\/api.w.org\/{rel}","templated":true}]}}